{"id":2795,"date":"2026-03-27T18:06:32","date_gmt":"2026-03-27T18:06:32","guid":{"rendered":"http:\/\/emmanuellesarrouy.com\/?p=2795"},"modified":"2026-03-27T18:08:44","modified_gmt":"2026-03-27T18:08:44","slug":"jeudi-26-mars-2026","status":"publish","type":"post","link":"http:\/\/emmanuellesarrouy.com\/?p=2795","title":{"rendered":"Jeudi 26 mars 2026."},"content":{"rendered":"\n<p><em>Mais l\u2019origine v\u00e9ritable du Ruisseau fant\u00f4me n\u2019est plus visible, ne le sera plus. Rize est bien une sorci\u00e8re, d\u2019avoir surv\u00e9cu \u00e0 la submersion de sa Source par les flots de Canal. Une sorci\u00e8re aussi de l\u2019avoir men\u00e9e jusqu\u2019\u00e0 cet humain qui s\u2019est choisi un pr\u00e9nom identique \u00e0 celui du personnage de fiction pour lequel elle enqu\u00eatait sur cette Source.<\/em><\/p>\n\n\n\n<p>Wendy Delorme, <em>Le Parlement de l\u2019Eau<\/em><\/p>\n\n\n\n<p>Rencontre impromptue en choisissant une rang\u00e9e pour m\u2019installer au cin\u00e9ma &#8211; je suis accompagn\u00e9e &#8211; avec les enfants ?\u2026 Joanna Delon me demande si le petit gar\u00e7on qu\u2019elle m\u2019avait conseill\u00e9 a finalement \u00e9t\u00e9 choisi. Elle me montre un extrait de film dans lequel il joue. Je ne reconnais pas l\u2019enfant. Je pense qu\u2019il a finalement \u00e9t\u00e9 choisi sur Paris. Dans le r\u00eave il y a aussi une sorte de sc\u00e8ne de travail dans une petite salle autour d\u2019un texte. Pour un film ? Un spectacle ?\u2026 Il y a une jeune femme brune qui ressemble \u00e0 Itzel la jeune po\u00e9tesse mexicaine rencontr\u00e9e il y a deux semaines. Il y a aussi &#8211; comme une publicit\u00e9 &#8211; assis frontalement sur plusieurs rang\u00e9es de si\u00e8ge de cin\u00e9ma de jeunes couples. Iels sont plusieurs mais. C\u2019est toujours le m\u00eame couple.&nbsp;<\/p>\n\n\n\n<p><em>Une entr\u00e9e sombre, un escalier de m\u00e9tal. Une lueur en contrebas, qui vient de l\u2019Eau. Une Eau translucide, aux reflets vert bleut\u00e9. Pas le vert malade des algues d\u2019Eaux croupies, mais le bel \u00e9meraude des Eaux de Rh\u00f4ne, filtr\u00e9es jusqu\u2019ici par ses couches alluviales, ses graviers et ses sables fins. Une Eau si transparente qu\u2019on voit le moindre d\u00e9tail au fond. [\u2026] Neuf vo\u00fbtes de plusieurs m\u00e8tres de large, taill\u00e9es dans une pierre claire, sur lesquelles se forment de minces dentelles de stalactites calcaires. Tandis que ses yeux vont des arches \u00e0 la surface luminescente du Bassin, elle ne sait ce qu\u2019elle admire le plus : l\u2019\u0153uvre architecturale pens\u00e9e par l\u2019humain, ou la puret\u00e9 des Eaux ainsi clarifi\u00e9es par les sables de Rh\u00f4ne. C\u2019est la premi\u00e8re fois qu\u2019elle ressent \u00e0 ce point la parfaite harmonie que peuvent former les entit\u00e9s naturelles avec l\u2019ing\u00e9nierie humaine. [\u2026] dans une beaut\u00e9 aquatique et min\u00e9rale dont la f\u00e9\u00e9rie est plus intime, plus myst\u00e9rieuse qu\u2019aucun spectacle d\u2019Eau et de lumi\u00e8re jamais vu par elle. [\u2026] Quelque chose de profond et de calme, serein et recueilli.<\/em><\/p>\n\n\n\n<p>Wendy Delorme, <em>Le Parlement de l\u2019Eau<\/em>&nbsp;<\/p>\n\n\n\n<p>Quand elle d\u00e9crit sa visite des Bassins filtrants de l\u2019ancienne usine de purification de l\u2019Eau du faubourg Saint-Clair \u00e0 Lyon. Je pense imm\u00e9diatement \u00e0 notre visite durant l\u2019\u00e9t\u00e9 2022 de la Grotte Saint-Marcel (am\u00e9nag\u00e9e par l\u2019humain) &#8211; \u00e0 la fronti\u00e8re du Gard &amp; de l\u2019Ard\u00e8che &#8211; tellement magique&nbsp; &amp; impressionnante. Je pense aussi \u00e0 ce second atelier propos\u00e9 par Julie auquel je souhaite m\u2019inscrire &#8211; il faut que je m\u2019en occupe &#8211; sur nos anc\u00eatres les sorci\u00e8res. Je pense \u00e0 ma grand-m\u00e8re maternelle mamie Marcelle. Je me dis peu importe le genre. C\u2019est un signe. Marcel\/Marcelle. J\u2019y avais pens\u00e9 d\u00e9j\u00e0 \u00e0 l\u2019\u00e9poque. Je pense \u00e0 l\u2019eau. Aux cavit\u00e9s. Au chant de.<\/p>\n\n\n\n<p>De la fluidit\u00e9 du chant de l\u2019eau \u00e0 la voix lointaine de ma grand-m\u00e8re chantant des airs populaires ou d\u2019op\u00e9ra \u00e0 pr\u00e9sent \u00e9ternellement.<\/p>\n\n\n\n<p>Cette impression de travers\u00e9e. Mardi\/Mercredi traverser l\u2019espace temps du rhume petite maladie \u00e9ph\u00e9m\u00e8re. J\u2019\u00e9tais&nbsp; autre. Ailleurs d\u2019ailleurs. En quelque sorte en pause. Tellement diff\u00e9rente de celle que je suis habituellement. Mais quand le corps parle il faut savoir l\u2019\u00e9couter. Il \u00e9tait m\u00eame impossible de lutter. Poursuivre mes multiples activit\u00e9s avec une \u00e9nergie \u00e0 toute \u00e9preuve n\u2019\u00e9tait tout bonnement pas r\u00e9alisable. Il fallait s\u2019arr\u00eater. Dormir. D\u2019une certaine mani\u00e8re se. Reconstruire. \u00c7a commence \u00e0 aller mieux je le sens aujourd\u2019hui. Rester cependant vigilante.<\/p>\n\n\n\n<p><em>C\u2019\u00e9taient de tr\u00e8s grands vents<\/em>\u2026 Sur cette terre. Mistral gagnant. Et tremble le c\u00e8dre du Liban. Et fr\u00e9missent les arbres de Jud\u00e9e.&nbsp;<\/p>\n\n\n\n<p>Nous nous retrouvons Charlotte &amp; moi chez elle cette fois pour travailler notre version vingt minutes de <em>De l\u2019urgence de vivre au ralenti<\/em>. Apr\u00e8s un th\u00e9 au miel salvateur pr\u00e8s du feu de chemin\u00e9e nous avan\u00e7ons bien. Trajet nouveaux itin\u00e9raires-Lenteur-\u00c9puisement-D\u00e9sir. Nous coupons r\u00e9duisons <em>essentiellisons<\/em>. \u00c7a bruisse.<\/p>\n\n\n\n<p>Sur la route du retour des arbres sont tomb\u00e9s souffl\u00e9s par la puissance du vent. Se m\u00e9fier des branches isol\u00e9es qui s\u2019envolent au rythme des rafales.&nbsp;<\/p>\n\n\n\n<p>Ce soir la double lecture <em>Lessive <\/em>de Victor Malzac et <em>F\u00e9\u00e9rie<\/em> de Gabriel Gauthier organis\u00e9e par ActOral a \u00e9t\u00e9 d\u00e9plac\u00e9e \u00e0 la <em>Librairie Mazette<\/em>. Les jardins des S\u0153urs Franciscaines de <em>La C\u00f4merie<\/em> ont \u00e9t\u00e9 ferm\u00e9s au public pour cause de vent violent. Ce n\u2019est pas grave &amp; tout aussi passionnant. Revoir &amp; entendre Victor Malzac est toujours un moment fort. D\u00e9couvrir l\u2019univers tr\u00e8s subtil de Gabriel Gauthier est touchant.<\/p>\n\n\n\n<p><em>Les difficult\u00e9s que nous rencontrons avec les livres, nous les rencontrons aussi avec les gens. Ils sont durs \u00e0 cerner. Il ne nous reste d\u2019eux qu\u2019une pens\u00e9e sommaire dont on n\u2019est m\u00eame pas s\u00fbr qu\u2019elle \u00e9tait dans le livre, d\u00e9signait la personne. Pourtant c\u2019est elle que nous gardons. J\u2019aimerais appeler ce raccourci que nous faisons \u00e0 longueur de temps avec les livres quand nous les avons finis, avec les gens quand nous arr\u00eatons de les voir, par exemple quand ils meurent &#8211; une f\u00e9erie.<\/em><\/p>\n\n\n\n<p>Gabriel Gauthier<\/p>\n\n\n\n<p>Richesse de ces moments de ces. Rencontres. Lectures. Textes. Univers. Ainsi que des discussions passionnantes qui s\u2019en suivent. Sur la question du genre de la pertinence ou non de l\u2019\u00e9criture inclusive sur la question de l\u2019\u00e9criture po\u00e9tique &amp; romanesque sur la question du temps de l\u2019\u00e9criture la question du r\u00e9el &amp; de l\u2019imaginaire. Sur la v\u00e9racit\u00e9 &amp; le cr\u00e9dible. Sur les inspirations secr\u00e8tes. Sur la diff\u00e9rence entre l\u2019\u00eatre-\u00e9crivant et le statut social de l\u2019\u00eatre-\u00e9crivain &#8211; la qualit\u00e9 n\u2019\u00e9tant l\u2019apanage ni de l\u2019un ni de l\u2019autre. Sur l\u2019oralit\u00e9. Sur la libert\u00e9 incontr\u00f4lable &amp; implicite \u00e0 l\u2019\u00e9criture dans des <em>carnets<\/em>\/cahiers. Sur la responsabilit\u00e9 de ce que l\u2019on \u00e9crit. Sur nos diff\u00e9rentes mani\u00e8res de.&nbsp;<\/p>\n\n\n\n<p>Je pense encore. L\u2019\u00e9criture est un \u00e9l\u00e9gant tissage entre r\u00e9el &amp; fiction. Elle est traduction interpr\u00e9tation transformation. (inextricable brassage du r\u00e9el \u00e0 l\u2019imaginaire &amp; de l\u2019imaginaire au r\u00e9el). Quand nous lisons &amp;\/ou quand nous \u00e9crivons nous sommes enti\u00e8rement DANS le livre. Comme plong\u00e9\u00b7e\u00b7s. Happ\u00e9\u00b7e\u00b7s. Plus rien n\u2019existe autour. Le monde r\u00e9el ce qui reste en dehors du livre n\u2019existe plus. Nous habitons la r\u00e9alit\u00e9 du livre que nous tenons entre nos mains. &amp; c\u2019est jouissif. &amp; c\u2019est bonheur. &amp; salvateur. Une r\u00e9sistance capitale \u00e0 la violence du monde.&nbsp;<\/p>\n\n\n\n<p>E.S.<\/p>\n\n\n\n<p>Journal po\u00e9tique 2026 (extrait)<\/p>\n\n\n\n<p><img decoding=\"async\" loading=\"lazy\" height=\"16\" width=\"16\" alt=\"&#x1f9a9;\" src=\"https:\/\/static.xx.fbcdn.net\/images\/emoji.php\/v9\/t28\/2\/16\/1f9a9.png\"> Et si vous souhaitez traverser vous rem\u00e9morer vous attarder sur 2022 et\/ou sur 2023, on peut poursuivre la lecture en commandant sur le site de Les Amis de Jacques Flament \u00c9ditions :<\/p>\n\n\n\n<p><img decoding=\"async\" loading=\"lazy\" height=\"16\" width=\"16\" alt=\"&#x1f449;&#x1f3fe;\" src=\"https:\/\/static.xx.fbcdn.net\/images\/emoji.php\/v9\/tee\/2\/16\/1f449_1f3fe.png\"> 2022 : <a href=\"https:\/\/www.jacquesflamenteditions.com\/546-ciel-etoile...\/?fbclid=IwZXh0bgNhZW0CMTAAYnJpZBEwVUtMSzlFODNZd2NuQnVycXNydGMGYXBwX2lkEDIyMjAzOTE3ODgyMDA4OTIAAR7qhp78MAcbSzTzEnFsn9bap3gN43tm5Bqy7vZEP9xHwIpWDBsmp4pEKKvzoA_aem_gYIcG9SULBSuWnjQFEEtPw\" rel=\"noreferrer noopener\" target=\"_blank\">https:\/\/www.jacquesflamenteditions.com\/546-ciel-etoile&#8230;\/<\/a><\/p>\n\n\n\n<p><img decoding=\"async\" loading=\"lazy\" height=\"16\" width=\"16\" alt=\"&#x1f449;&#x1f3fe;\" src=\"https:\/\/static.xx.fbcdn.net\/images\/emoji.php\/v9\/tee\/2\/16\/1f449_1f3fe.png\"> 2023 : <a href=\"https:\/\/l.facebook.com\/l.php?u=https%3A%2F%2Fwww.jacquesflamenteditions.com%2F582-chant-des...%2F%3Ffbclid%3DIwZXh0bgNhZW0CMTAAYnJpZBEwVUtMSzlFODNZd2NuQnVycXNydGMGYXBwX2lkEDIyMjAzOTE3ODgyMDA4OTIAAR4IZeixvrPqTkrd6oGJuPNlNdmnsmJPun8nD2kLiJ5rHDX6kSkedOJCRFsWQA_aem_rzXPYVK7k9ECRrdKxoiXPg&amp;h=AT5U2taR5r5GJgFQDVEnlYPzaWOkhDSJyocBAhfLoorwBGy_D87WagteW2cWgWozoUtMAC92YZWxSRcijn7VZkPze--WuKgzOwFcexh-Oum9F9h7cLlCF06AGSroos03mvE7i9Y-QV0mJvCVN2Hg2ndDFJYXctSmJ2evIA&amp;__tn__=-UK-R&amp;c[0]=AT4tc8Un15nRB4QtmU60Zi50P_7F4a7FjHDcAVD3DZ6v70U1PEMzaJyt6tU_CvUxNYNTteBi6n2nOYkoT_NRFDOVFSnt_VtTAmSBCsGfAZzS09C4tzOomJvKykomFMhqAg\" rel=\"noreferrer noopener\" target=\"_blank\">https:\/\/www.jacquesflamenteditions.com\/582-chant-des&#8230;\/<\/a><\/p>\n\n\n\n<figure class=\"wp-block-image size-full is-resized\"><img decoding=\"async\" src=\"http:\/\/emmanuellesarrouy.com\/wp-content\/uploads\/2026\/03\/Im_Jeudi-26-mars-2026.jpg\" alt=\"\" class=\"wp-image-2796\" width=\"450\" srcset=\"http:\/\/emmanuellesarrouy.com\/wp-content\/uploads\/2026\/03\/Im_Jeudi-26-mars-2026.jpg 1152w, http:\/\/emmanuellesarrouy.com\/wp-content\/uploads\/2026\/03\/Im_Jeudi-26-mars-2026-169x300.jpg 169w, http:\/\/emmanuellesarrouy.com\/wp-content\/uploads\/2026\/03\/Im_Jeudi-26-mars-2026-576x1024.jpg 576w, http:\/\/emmanuellesarrouy.com\/wp-content\/uploads\/2026\/03\/Im_Jeudi-26-mars-2026-768x1365.jpg 768w, http:\/\/emmanuellesarrouy.com\/wp-content\/uploads\/2026\/03\/Im_Jeudi-26-mars-2026-864x1536.jpg 864w\" sizes=\"(max-width: 767px) 89vw, (max-width: 1000px) 54vw, (max-width: 1071px) 543px, 580px\" \/><figcaption class=\"wp-element-caption\"><em>Jeudi 26 mars 2026 \u00a9 emmanuelle sarrouy<\/em><\/figcaption><\/figure>\n","protected":false},"excerpt":{"rendered":"<p>Mais l\u2019origine v\u00e9ritable du Ruisseau fant\u00f4me n\u2019est plus visible, ne le sera plus. Rize est bien une sorci\u00e8re, d\u2019avoir surv\u00e9cu \u00e0 la submersion de sa Source par les flots de Canal. Une sorci\u00e8re aussi de l\u2019avoir men\u00e9e jusqu\u2019\u00e0 cet humain qui s\u2019est choisi un pr\u00e9nom identique \u00e0 celui du personnage de fiction pour lequel elle &hellip; <\/p>\n<p class=\"link-more\"><a href=\"http:\/\/emmanuellesarrouy.com\/?p=2795\" class=\"more-link\">Continuer la lecture<span class=\"screen-reader-text\"> de &laquo;&nbsp;Jeudi 26 mars 2026.&nbsp;&raquo;<\/span><\/a><\/p>\n","protected":false},"author":1,"featured_media":0,"comment_status":"open","ping_status":"open","sticky":false,"template":"","format":"standard","meta":[],"categories":[17,75],"tags":[32,60,24,22,31],"_links":{"self":[{"href":"http:\/\/emmanuellesarrouy.com\/index.php?rest_route=\/wp\/v2\/posts\/2795"}],"collection":[{"href":"http:\/\/emmanuellesarrouy.com\/index.php?rest_route=\/wp\/v2\/posts"}],"about":[{"href":"http:\/\/emmanuellesarrouy.com\/index.php?rest_route=\/wp\/v2\/types\/post"}],"author":[{"embeddable":true,"href":"http:\/\/emmanuellesarrouy.com\/index.php?rest_route=\/wp\/v2\/users\/1"}],"replies":[{"embeddable":true,"href":"http:\/\/emmanuellesarrouy.com\/index.php?rest_route=%2Fwp%2Fv2%2Fcomments&post=2795"}],"version-history":[{"count":3,"href":"http:\/\/emmanuellesarrouy.com\/index.php?rest_route=\/wp\/v2\/posts\/2795\/revisions"}],"predecessor-version":[{"id":2799,"href":"http:\/\/emmanuellesarrouy.com\/index.php?rest_route=\/wp\/v2\/posts\/2795\/revisions\/2799"}],"wp:attachment":[{"href":"http:\/\/emmanuellesarrouy.com\/index.php?rest_route=%2Fwp%2Fv2%2Fmedia&parent=2795"}],"wp:term":[{"taxonomy":"category","embeddable":true,"href":"http:\/\/emmanuellesarrouy.com\/index.php?rest_route=%2Fwp%2Fv2%2Fcategories&post=2795"},{"taxonomy":"post_tag","embeddable":true,"href":"http:\/\/emmanuellesarrouy.com\/index.php?rest_route=%2Fwp%2Fv2%2Ftags&post=2795"}],"curies":[{"name":"wp","href":"https:\/\/api.w.org\/{rel}","templated":true}]}}