{"id":2805,"date":"2026-04-07T18:42:27","date_gmt":"2026-04-07T18:42:27","guid":{"rendered":"http:\/\/emmanuellesarrouy.com\/?p=2805"},"modified":"2026-04-07T18:42:27","modified_gmt":"2026-04-07T18:42:27","slug":"2805","status":"publish","type":"post","link":"http:\/\/emmanuellesarrouy.com\/?p=2805","title":{"rendered":""},"content":{"rendered":"\n<p><strong>Dimanche 5 avril 2026.<\/strong><\/p>\n\n\n\n<p>La Lune flamboyante en ligne de mire mes pens\u00e9es vagabondent. J\u2019ai aim\u00e9 un homme qui ne m\u2019a jamais aim\u00e9e. Nous nous sommes rencontr\u00e9\u00b7e\u00b7s en f\u00e9vrier 2014. Et depuis ce ne fut que d\u00e9clarations de s\u00e9parations. Malgr\u00e9 mots &amp; promesses. J\u2019ai \u00e9crit. Beaucoup. Deux livres sont n\u00e9s en po\u00e9sie. Un troisi\u00e8me attend impatiemment de voir le jour. Et les journaux, les journaux, les journaux. Nous avons si peu appris \u00e0 nous conna\u00eetre. <em>Old motherfucking ghost<\/em>. M\u00eame si. Putain de d\u00e9sir d\u2019\u00e9crire.<\/p>\n\n\n\n<p><em>Ta promesse&nbsp;<\/em><\/p>\n\n\n\n<p><em>est peut \u00eatre semblable<\/em><\/p>\n\n\n\n<p><em>\u00e0 l\u2019arbre d\u00e9racin\u00e9.&nbsp;<\/em><\/p>\n\n\n\n<p>Patricio S\u00e1nchez-Rojas, <em>L\u2019exil est une histoire aux nombreuses pages<\/em><\/p>\n\n\n\n<p>Gribouille Sushi est venu vomir \u00e0 c\u00f4t\u00e9 de moi ce matin. C\u2019est tellement dur de voir un \u00eatre cher tomber malade et de ne pas pouvoir faire grand chose. Cette sensation d\u2019impuissance. Que c\u2019est difficile \u00e0 vivre. Putain de carcinome \u00e9pidermo\u00efde gingival de merde. Des caresses &amp; de l\u2019amour bien s\u00fbr mais. Que c\u2019est dur.&nbsp;<\/p>\n\n\n\n<p><em><\/em><em>si toi aussi tu m\u2019abandonnes&nbsp;<\/em><\/p>\n\n\n\n<p><em>au mon unique amour&nbsp;<\/em><\/p>\n\n\n\n<p>Nous avons regard\u00e9 hier soir un joli film tr\u00e8s touchant <em>Quand tu seras grand<\/em> d\u2019Andr\u00e9a Bescond &amp; Eric M\u00e9tayer. Avec notamment les excellent\u00b7e\u00b7s Vincent Macaigne &amp; A\u00efssa Ma\u00efga. Et le jeune tout aussi brillant Kristen Billon. Quand l\u2019enfance s\u2019invite en maison de retraite.&nbsp;<\/p>\n\n\n\n<p>Des \u0153ufs en chocolat pour la douceur de vivre. <em>Black-blanc-beur ? <\/em>Dimanche de P\u00e2ques. Pour qui sonnent les cloches ? <em>We need peace for everybody. Is it so difficult to understand ?&nbsp;<\/em><\/p>\n\n\n\n<p>Je termine ce matin <em>Glaciers <\/em>de Bruno Doucey. Po\u00e9sie hommage \u00e0 ces touchants glaciers qui disparaissent progressivement. Manifeste revendique les m\u00eames droits que les droits humains. &amp; \u00e9coute une magnifique &amp; \u00e9mouvante aventure\/histoire racont\u00e9e par la glaciologue He\u00efdi Sevestre sur ses exp\u00e9ditions &amp; la disparition soudaine du glacier Conejeras en Colombie. <em>Les larmes du glacier Conejeras<\/em>. Les larmes, les larmes, les larmes.&nbsp;<\/p>\n\n\n\n<p><em>ses cimes blanches \/ cumbres blancas<\/em><\/p>\n\n\n\n<p><em>ne sont plus l\u2019\u00e2me de la terre \/ Alma de la tierra<\/em><\/p>\n\n\n\n<p>Bruno Doucey, <em>Glaciers<\/em><\/p>\n\n\n\n<p>Col\u00e8re incompressible. Pourquoi donc ai-je la sensation que je doive toujours relancer les autres. L\u2019inverse ? Me soulagerait parfois. Pourquoi n\u2019attendrais-je pas que l\u2019on vienne me chercher. Pourquoi. Et si j\u2019arr\u00eatais tout ?<\/p>\n\n\n\n<p>Cuisine cuisses de poulets petits l\u00e9gumes sauce jama\u00efcaine. Manque la mangue. Zut. Range quelques nappes &amp; objets ramen\u00e9s de la rue Antoine del Bello. Choses qui doivent trouver nouvelle place dans nos vies. Pense sans arr\u00eat \u00e0 Gribouille Sushi. Tente de ne pas mais. Non.&nbsp;<\/p>\n\n\n\n<p>Anniversaire de Pascale P. Petit message. Je l\u2019appelle demain.&nbsp;<\/p>\n\n\n\n<p>Lutter bien s\u00fbr autant que possible contre le r\u00e9chauffement climatique. Surtout pas contre le r\u00e9chauffement des c\u0153urs. Ceux-l\u00e0 pour la sant\u00e9 &amp; l\u2019\u00e9tat du monde devraient bien fondre un peu plus r\u00e9guli\u00e8rement.\u00a0<\/p>\n\n\n\n<p>E.S. <\/p>\n\n\n\n<p>Journal po\u00e9tique 2026 (extrait)<\/p>\n\n\n\n<p><img decoding=\"async\" loading=\"lazy\" height=\"16\" width=\"16\" alt=\"&#x1f9a9;\" src=\"https:\/\/static.xx.fbcdn.net\/images\/emoji.php\/v9\/t28\/2\/16\/1f9a9.png\"> Et si vous souhaitez prendre un peu de temps vous rem\u00e9morer vos propores aventures sur 2022 et\/ou sur 2023, on peut poursuivre la lecture en commandant sur le site de Les amis de Jacques Flament Editions :<\/p>\n\n\n\n<p><img decoding=\"async\" loading=\"lazy\" height=\"16\" width=\"16\" alt=\"&#x1f449;&#x1f3fe;\" src=\"https:\/\/static.xx.fbcdn.net\/images\/emoji.php\/v9\/tee\/2\/16\/1f449_1f3fe.png\"> 2022 : <a href=\"https:\/\/www.jacquesflamenteditions.com\/546-ciel-etoile...\/?fbclid=IwZXh0bgNhZW0CMTAAYnJpZBEwVUtMSzlFODNZd2NuQnVycXNydGMGYXBwX2lkEDIyMjAzOTE3ODgyMDA4OTIAAR6J-92892qXLs_aBqSzsw8x3Zr9yopn18s2llh30hnA_Uvr99o9X7k9CIyW5w_aem__e8RDWAR80lAt_u9dAcIVw\" rel=\"noreferrer noopener\" target=\"_blank\">https:\/\/www.jacquesflamenteditions.com\/546-ciel-etoile&#8230;\/<\/a><\/p>\n\n\n\n<p><img decoding=\"async\" loading=\"lazy\" height=\"16\" width=\"16\" alt=\"&#x1f449;&#x1f3fe;\" src=\"https:\/\/static.xx.fbcdn.net\/images\/emoji.php\/v9\/tee\/2\/16\/1f449_1f3fe.png\"> 2023 : <a href=\"https:\/\/www.jacquesflamenteditions.com\/582-chant-des...\/?fbclid=IwZXh0bgNhZW0CMTAAYnJpZBEwVUtMSzlFODNZd2NuQnVycXNydGMGYXBwX2lkEDIyMjAzOTE3ODgyMDA4OTIAAR4f-R-VqjBmVFyQZg1UtiaenPYr8nuH4Gikfo1Q4BzihFowiN-JzUREA5M8hQ_aem_vnNxI7TrTVTycUtzDUSaIQ\" rel=\"noreferrer noopener\" target=\"_blank\">https:\/\/www.jacquesflamenteditions.com\/582-chant-des&#8230;\/<\/a><\/p>\n\n\n\n<figure class=\"wp-block-image size-large is-resized\"><img decoding=\"async\" src=\"http:\/\/emmanuellesarrouy.com\/wp-content\/uploads\/2026\/04\/Im_Dimanche-5-avril-2026-576x1024.jpg\" alt=\"\" class=\"wp-image-2806\" width=\"450\" srcset=\"http:\/\/emmanuellesarrouy.com\/wp-content\/uploads\/2026\/04\/Im_Dimanche-5-avril-2026-576x1024.jpg 576w, http:\/\/emmanuellesarrouy.com\/wp-content\/uploads\/2026\/04\/Im_Dimanche-5-avril-2026-169x300.jpg 169w, http:\/\/emmanuellesarrouy.com\/wp-content\/uploads\/2026\/04\/Im_Dimanche-5-avril-2026-768x1365.jpg 768w, http:\/\/emmanuellesarrouy.com\/wp-content\/uploads\/2026\/04\/Im_Dimanche-5-avril-2026-864x1536.jpg 864w, http:\/\/emmanuellesarrouy.com\/wp-content\/uploads\/2026\/04\/Im_Dimanche-5-avril-2026-1152x2048.jpg 1152w, http:\/\/emmanuellesarrouy.com\/wp-content\/uploads\/2026\/04\/Im_Dimanche-5-avril-2026-scaled.jpg 1440w\" sizes=\"(max-width: 576px) 100vw, 576px\" \/><figcaption class=\"wp-element-caption\"><em>Dimanche 5 avril 2026 \u00a9 emmanuelle sarrouy <\/em><\/figcaption><\/figure>\n","protected":false},"excerpt":{"rendered":"<p>Dimanche 5 avril 2026. La Lune flamboyante en ligne de mire mes pens\u00e9es vagabondent. J\u2019ai aim\u00e9 un homme qui ne m\u2019a jamais aim\u00e9e. Nous nous sommes rencontr\u00e9\u00b7e\u00b7s en f\u00e9vrier 2014. Et depuis ce ne fut que d\u00e9clarations de s\u00e9parations. Malgr\u00e9 mots &amp; promesses. J\u2019ai \u00e9crit. Beaucoup. Deux livres sont n\u00e9s en po\u00e9sie. Un troisi\u00e8me attend &hellip; <\/p>\n<p class=\"link-more\"><a href=\"http:\/\/emmanuellesarrouy.com\/?p=2805\" class=\"more-link\">Continuer la lecture<span class=\"screen-reader-text\"> de &laquo;&nbsp;&nbsp;&raquo;<\/span><\/a><\/p>\n","protected":false},"author":1,"featured_media":0,"comment_status":"open","ping_status":"open","sticky":false,"template":"","format":"standard","meta":[],"categories":[17,75],"tags":[32,60,22,31],"_links":{"self":[{"href":"http:\/\/emmanuellesarrouy.com\/index.php?rest_route=\/wp\/v2\/posts\/2805"}],"collection":[{"href":"http:\/\/emmanuellesarrouy.com\/index.php?rest_route=\/wp\/v2\/posts"}],"about":[{"href":"http:\/\/emmanuellesarrouy.com\/index.php?rest_route=\/wp\/v2\/types\/post"}],"author":[{"embeddable":true,"href":"http:\/\/emmanuellesarrouy.com\/index.php?rest_route=\/wp\/v2\/users\/1"}],"replies":[{"embeddable":true,"href":"http:\/\/emmanuellesarrouy.com\/index.php?rest_route=%2Fwp%2Fv2%2Fcomments&post=2805"}],"version-history":[{"count":1,"href":"http:\/\/emmanuellesarrouy.com\/index.php?rest_route=\/wp\/v2\/posts\/2805\/revisions"}],"predecessor-version":[{"id":2807,"href":"http:\/\/emmanuellesarrouy.com\/index.php?rest_route=\/wp\/v2\/posts\/2805\/revisions\/2807"}],"wp:attachment":[{"href":"http:\/\/emmanuellesarrouy.com\/index.php?rest_route=%2Fwp%2Fv2%2Fmedia&parent=2805"}],"wp:term":[{"taxonomy":"category","embeddable":true,"href":"http:\/\/emmanuellesarrouy.com\/index.php?rest_route=%2Fwp%2Fv2%2Fcategories&post=2805"},{"taxonomy":"post_tag","embeddable":true,"href":"http:\/\/emmanuellesarrouy.com\/index.php?rest_route=%2Fwp%2Fv2%2Ftags&post=2805"}],"curies":[{"name":"wp","href":"https:\/\/api.w.org\/{rel}","templated":true}]}}