{"id":2808,"date":"2026-04-08T14:49:42","date_gmt":"2026-04-08T14:49:42","guid":{"rendered":"http:\/\/emmanuellesarrouy.com\/?p=2808"},"modified":"2026-04-08T14:51:40","modified_gmt":"2026-04-08T14:51:40","slug":"actualite-mars-2026","status":"publish","type":"post","link":"http:\/\/emmanuellesarrouy.com\/?p=2808","title":{"rendered":"Actualit\u00e9 &#8211; Mars 2026"},"content":{"rendered":"\n<p>Rendez-vous samedi 21 mars 2026 \u00e0 18h ! <img decoding=\"async\" loading=\"lazy\" height=\"16\" width=\"16\" alt=\"&#x1f338;\" src=\"https:\/\/static.xx.fbcdn.net\/images\/emoji.php\/v9\/t8f\/2\/16\/1f338.png\"><img decoding=\"async\" loading=\"lazy\" height=\"16\" width=\"16\" alt=\"&#x1f338;\" src=\"https:\/\/static.xx.fbcdn.net\/images\/emoji.php\/v9\/t8f\/2\/16\/1f338.png\"><img decoding=\"async\" loading=\"lazy\" height=\"16\" width=\"16\" alt=\"&#x1f338;\" src=\"https:\/\/static.xx.fbcdn.net\/images\/emoji.php\/v9\/t8f\/2\/16\/1f338.png\"><\/p>\n\n\n\n<p>Journ\u00e9e Mondiale de la Po\u00e9sie &amp; <a href=\"https:\/\/www.facebook.com\/aviv.primavera?__cft__[0]=AZbdjryh5g-gBSrBdKVh7rRsS0B3oHlFJ0hA6cdnf368G7sQ_qmS2Cuho33amWGLFhhekzp-fd3HKjWFGmX2Y9YSxgYFBNFNUgIg52WBqgWcQniLywADNfUsEpRHgyQIqakszXR0TlPHp9IC8GWxhSaucblWc4Gtuz4x0hHMzXKnLFWZL-IXDm6bfNrgy6txvd0&amp;__tn__=-]K-R\">Printemps des Po\u00e8tes<\/a> !<\/p>\n\n\n\n<p><em>De quel temps es-tu, toi qui ne r\u00eaves plus ?<\/em> Jean Malrieu<\/p>\n\n\n\n<p><img decoding=\"async\" loading=\"lazy\" height=\"16\" width=\"16\" alt=\"&#x1f525;\" src=\"https:\/\/static.xx.fbcdn.net\/images\/emoji.php\/v9\/tef\/2\/16\/1f525.png\"> Rencontre\/Lecture anim\u00e9e par V\u00e9ronique Duprat et <a href=\"https:\/\/www.facebook.com\/helene.chambon.53?__cft__[0]=AZbdjryh5g-gBSrBdKVh7rRsS0B3oHlFJ0hA6cdnf368G7sQ_qmS2Cuho33amWGLFhhekzp-fd3HKjWFGmX2Y9YSxgYFBNFNUgIg52WBqgWcQniLywADNfUsEpRHgyQIqakszXR0TlPHp9IC8GWxhSaucblWc4Gtuz4x0hHMzXKnLFWZL-IXDm6bfNrgy6txvd0&amp;__tn__=-]K-y-R\">H\u00e9l\u00e8ne Chambon<\/a> autour de cinq po\u00e8tes\u00b7s\u00b7e\u00b7s du <a href=\"https:\/\/www.facebook.com\/profile.php?id=100064488108379&amp;__cft__[0]=AZbdjryh5g-gBSrBdKVh7rRsS0B3oHlFJ0hA6cdnf368G7sQ_qmS2Cuho33amWGLFhhekzp-fd3HKjWFGmX2Y9YSxgYFBNFNUgIg52WBqgWcQniLywADNfUsEpRHgyQIqakszXR0TlPHp9IC8GWxhSaucblWc4Gtuz4x0hHMzXKnLFWZL-IXDm6bfNrgy6txvd0&amp;__tn__=-]K-y-R\">LE SCRIPTORIUM<\/a> :<\/p>\n\n\n\n<p><a href=\"https:\/\/www.facebook.com\/emmanuelle.sarrouynogues?__cft__[0]=AZbdjryh5g-gBSrBdKVh7rRsS0B3oHlFJ0hA6cdnf368G7sQ_qmS2Cuho33amWGLFhhekzp-fd3HKjWFGmX2Y9YSxgYFBNFNUgIg52WBqgWcQniLywADNfUsEpRHgyQIqakszXR0TlPHp9IC8GWxhSaucblWc4Gtuz4x0hHMzXKnLFWZL-IXDm6bfNrgy6txvd0&amp;__tn__=-]K-y-R\">Emmanuelle Sarrouy<\/a>, <a href=\"https:\/\/www.facebook.com\/profile.php?id=100063716576660&amp;__cft__[0]=AZbdjryh5g-gBSrBdKVh7rRsS0B3oHlFJ0hA6cdnf368G7sQ_qmS2Cuho33amWGLFhhekzp-fd3HKjWFGmX2Y9YSxgYFBNFNUgIg52WBqgWcQniLywADNfUsEpRHgyQIqakszXR0TlPHp9IC8GWxhSaucblWc4Gtuz4x0hHMzXKnLFWZL-IXDm6bfNrgy6txvd0&amp;__tn__=-]K-y-R\">Marc Ross en po\u00e9sie<\/a>, <a href=\"https:\/\/www.facebook.com\/profile.php?id=100013474350627&amp;__cft__[0]=AZbdjryh5g-gBSrBdKVh7rRsS0B3oHlFJ0hA6cdnf368G7sQ_qmS2Cuho33amWGLFhhekzp-fd3HKjWFGmX2Y9YSxgYFBNFNUgIg52WBqgWcQniLywADNfUsEpRHgyQIqakszXR0TlPHp9IC8GWxhSaucblWc4Gtuz4x0hHMzXKnLFWZL-IXDm6bfNrgy6txvd0&amp;__tn__=-]K-y-R\">Patrick Aveline Randos<\/a>, <a href=\"https:\/\/www.facebook.com\/marcpaul.poncet?__cft__[0]=AZbdjryh5g-gBSrBdKVh7rRsS0B3oHlFJ0hA6cdnf368G7sQ_qmS2Cuho33amWGLFhhekzp-fd3HKjWFGmX2Y9YSxgYFBNFNUgIg52WBqgWcQniLywADNfUsEpRHgyQIqakszXR0TlPHp9IC8GWxhSaucblWc4Gtuz4x0hHMzXKnLFWZL-IXDm6bfNrgy6txvd0&amp;__tn__=-]K-y-R\">Marc Paul Poncet<\/a> et <a href=\"https:\/\/www.facebook.com\/dominiquesorrente\">Dominique Sorrente<\/a> qui pr\u00e9senteront leurs r\u00e9centes publications.<\/p>\n\n\n\n<p><img decoding=\"async\" loading=\"lazy\" height=\"16\" width=\"16\" alt=\"&#x1f58c;&#xfe0f;\" src=\"https:\/\/static.xx.fbcdn.net\/images\/emoji.php\/v9\/td7\/2\/16\/1f58c.png\"><img decoding=\"async\" loading=\"lazy\" height=\"16\" width=\"16\" alt=\"&#x1f942;\" src=\"https:\/\/static.xx.fbcdn.net\/images\/emoji.php\/v9\/tae\/2\/16\/1f942.png\"> Suivie d&rsquo;une s\u00e9ance de d\u00e9dicaces &amp; d&rsquo;un verre de l&rsquo;amiti\u00e9.<\/p>\n\n\n\n<p>Nous parlerons des d\u00e9buts et des fins des courants et des contre-courants nous parlerons de r\u00e9sistance de poissons de fant\u00f4mes de naissance et de disparition de renaissance peut-\u00eatre de cours d&rsquo;eau de mots jouant glissant au fil des pages d&rsquo;horizon de m\u00e9taphores de bruit et de silence nous parlerons peut-\u00eatre aussi de r\u00e9chauffement climatique et du mouvement des c\u0153urs fondants dans le lit des rivi\u00e8res\u2026 Venez !<\/p>\n\n\n\n<p>(au plaisir de vous voir\/revoir\/rencontrer et \u00e9changer)<\/p>\n\n\n\n<p><img decoding=\"async\" loading=\"lazy\" height=\"16\" width=\"16\" alt=\"&#x1f449;&#x1f3fe;\" src=\"https:\/\/static.xx.fbcdn.net\/images\/emoji.php\/v9\/tee\/2\/16\/1f449_1f3fe.png\"><a href=\"https:\/\/www.facebook.com\/profile.php?id=100063639663798&amp;__cft__[0]=AZbdjryh5g-gBSrBdKVh7rRsS0B3oHlFJ0hA6cdnf368G7sQ_qmS2Cuho33amWGLFhhekzp-fd3HKjWFGmX2Y9YSxgYFBNFNUgIg52WBqgWcQniLywADNfUsEpRHgyQIqakszXR0TlPHp9IC8GWxhSaucblWc4Gtuz4x0hHMzXKnLFWZL-IXDm6bfNrgy6txvd0&amp;__tn__=-]K-R\">Atelier Sevin-Doering<\/a> &#8211; un authentique et magnifique atelier de couture du 17\u00e8me si\u00e8cle, joliment pr\u00e9serv\u00e9 au coeur du quartier de Saint Victor.<\/p>\n\n\n\n<p><img decoding=\"async\" loading=\"lazy\" height=\"16\" width=\"16\" alt=\"&#x1f6d6;\" src=\"https:\/\/static.xx.fbcdn.net\/images\/emoji.php\/v9\/tbf\/2\/16\/1f6d6.png\"> Entr\u00e9e : 5 rue du Chantier 13007 Marseille (en passant sous le porche)<\/p>\n\n\n\n<p>R\u00e8glement sur place ( esp\u00e8ces ou ch\u00e8que) : 15 euros.<\/p>\n\n\n\n<p>Pensez \u00e0 vous inscrire sur le framaforms <img decoding=\"async\" loading=\"lazy\" height=\"16\" width=\"16\" alt=\"&#x1f447;&#x1f3fe;\" src=\"https:\/\/static.xx.fbcdn.net\/images\/emoji.php\/v9\/t6c\/2\/16\/1f447_1f3fe.png\"> :<\/p>\n\n\n\n<p><a href=\"https:\/\/framaforms.org\/libres-comme-une-maison-en-flammes...\">https:\/\/framaforms.org\/libres-comme-une-maison-en-flammes&#8230;<\/a><\/p>\n\n\n\n<figure class=\"wp-block-image size-large\"><img decoding=\"async\" loading=\"lazy\" width=\"723\" height=\"1024\" src=\"http:\/\/emmanuellesarrouy.com\/wp-content\/uploads\/2026\/04\/Affiche-Libres-comme-21-mars-format-reduit-723x1024.jpg\" alt=\"\" class=\"wp-image-2809\" srcset=\"http:\/\/emmanuellesarrouy.com\/wp-content\/uploads\/2026\/04\/Affiche-Libres-comme-21-mars-format-reduit-723x1024.jpg 723w, http:\/\/emmanuellesarrouy.com\/wp-content\/uploads\/2026\/04\/Affiche-Libres-comme-21-mars-format-reduit-212x300.jpg 212w, http:\/\/emmanuellesarrouy.com\/wp-content\/uploads\/2026\/04\/Affiche-Libres-comme-21-mars-format-reduit-768x1087.jpg 768w, http:\/\/emmanuellesarrouy.com\/wp-content\/uploads\/2026\/04\/Affiche-Libres-comme-21-mars-format-reduit-1085x1536.jpg 1085w, http:\/\/emmanuellesarrouy.com\/wp-content\/uploads\/2026\/04\/Affiche-Libres-comme-21-mars-format-reduit.jpg 1130w\" sizes=\"(max-width: 723px) 100vw, 723px\" \/><figcaption class=\"wp-element-caption\">affiche 21 mars 2026 \u00a9 Colette Papilleau <\/figcaption><\/figure>\n\n\n\n<figure class=\"wp-block-image size-full is-resized\"><img decoding=\"async\" src=\"http:\/\/emmanuellesarrouy.com\/wp-content\/uploads\/2026\/04\/21-mars-2026.jpg\" alt=\"\" class=\"wp-image-2810\" width=\"700\" srcset=\"http:\/\/emmanuellesarrouy.com\/wp-content\/uploads\/2026\/04\/21-mars-2026.jpg 1600w, http:\/\/emmanuellesarrouy.com\/wp-content\/uploads\/2026\/04\/21-mars-2026-300x169.jpg 300w, http:\/\/emmanuellesarrouy.com\/wp-content\/uploads\/2026\/04\/21-mars-2026-1024x576.jpg 1024w, http:\/\/emmanuellesarrouy.com\/wp-content\/uploads\/2026\/04\/21-mars-2026-768x432.jpg 768w, http:\/\/emmanuellesarrouy.com\/wp-content\/uploads\/2026\/04\/21-mars-2026-1536x864.jpg 1536w\" sizes=\"(max-width: 767px) 89vw, (max-width: 1000px) 54vw, (max-width: 1071px) 543px, 580px\" \/><figcaption class=\"wp-element-caption\"><em>photographie \u00a9 Michel Rimaud <\/em><\/figcaption><\/figure>\n\n\n\n<figure class=\"wp-block-image size-full is-resized\"><img decoding=\"async\" src=\"http:\/\/emmanuellesarrouy.com\/wp-content\/uploads\/2026\/04\/21-mars-2026_2.jpg\" alt=\"\" class=\"wp-image-2811\" width=\"700\" srcset=\"http:\/\/emmanuellesarrouy.com\/wp-content\/uploads\/2026\/04\/21-mars-2026_2.jpg 1536w, http:\/\/emmanuellesarrouy.com\/wp-content\/uploads\/2026\/04\/21-mars-2026_2-225x300.jpg 225w, http:\/\/emmanuellesarrouy.com\/wp-content\/uploads\/2026\/04\/21-mars-2026_2-768x1024.jpg 768w, http:\/\/emmanuellesarrouy.com\/wp-content\/uploads\/2026\/04\/21-mars-2026_2-1152x1536.jpg 1152w\" sizes=\"(max-width: 767px) 89vw, (max-width: 1000px) 54vw, (max-width: 1071px) 543px, 580px\" \/><figcaption class=\"wp-element-caption\"><em>photographie \u00a9 Marc Ross<\/em><\/figcaption><\/figure>\n\n\n\n<figure class=\"wp-block-image size-full is-resized\"><img decoding=\"async\" src=\"http:\/\/emmanuellesarrouy.com\/wp-content\/uploads\/2026\/04\/21-mars-2026_3-scaled.jpg\" alt=\"\" class=\"wp-image-2812\" width=\"700\" srcset=\"http:\/\/emmanuellesarrouy.com\/wp-content\/uploads\/2026\/04\/21-mars-2026_3-scaled.jpg 1440w, http:\/\/emmanuellesarrouy.com\/wp-content\/uploads\/2026\/04\/21-mars-2026_3-169x300.jpg 169w, http:\/\/emmanuellesarrouy.com\/wp-content\/uploads\/2026\/04\/21-mars-2026_3-576x1024.jpg 576w, http:\/\/emmanuellesarrouy.com\/wp-content\/uploads\/2026\/04\/21-mars-2026_3-768x1365.jpg 768w, http:\/\/emmanuellesarrouy.com\/wp-content\/uploads\/2026\/04\/21-mars-2026_3-864x1536.jpg 864w, http:\/\/emmanuellesarrouy.com\/wp-content\/uploads\/2026\/04\/21-mars-2026_3-1152x2048.jpg 1152w\" sizes=\"(max-width: 767px) 89vw, (max-width: 1000px) 54vw, (max-width: 1071px) 543px, 580px\" \/><figcaption class=\"wp-element-caption\"><em>photographie \u00a9 emmanuelle sarrouy<\/em><\/figcaption><\/figure>\n","protected":false},"excerpt":{"rendered":"<p>Rendez-vous samedi 21 mars 2026 \u00e0 18h ! Journ\u00e9e Mondiale de la Po\u00e9sie &amp; Printemps des Po\u00e8tes ! De quel temps es-tu, toi qui ne r\u00eaves plus ? Jean Malrieu Rencontre\/Lecture anim\u00e9e par V\u00e9ronique Duprat et H\u00e9l\u00e8ne Chambon autour de cinq po\u00e8tes\u00b7s\u00b7e\u00b7s du LE SCRIPTORIUM : Emmanuelle Sarrouy, Marc Ross en po\u00e9sie, Patrick Aveline Randos, &hellip; <\/p>\n<p class=\"link-more\"><a href=\"http:\/\/emmanuellesarrouy.com\/?p=2808\" class=\"more-link\">Continuer la lecture<span class=\"screen-reader-text\"> de &laquo;&nbsp;Actualit\u00e9 &#8211; Mars 2026&nbsp;&raquo;<\/span><\/a><\/p>\n","protected":false},"author":1,"featured_media":0,"comment_status":"open","ping_status":"open","sticky":false,"template":"","format":"standard","meta":[],"categories":[74],"tags":[22,24,21,31],"_links":{"self":[{"href":"http:\/\/emmanuellesarrouy.com\/index.php?rest_route=\/wp\/v2\/posts\/2808"}],"collection":[{"href":"http:\/\/emmanuellesarrouy.com\/index.php?rest_route=\/wp\/v2\/posts"}],"about":[{"href":"http:\/\/emmanuellesarrouy.com\/index.php?rest_route=\/wp\/v2\/types\/post"}],"author":[{"embeddable":true,"href":"http:\/\/emmanuellesarrouy.com\/index.php?rest_route=\/wp\/v2\/users\/1"}],"replies":[{"embeddable":true,"href":"http:\/\/emmanuellesarrouy.com\/index.php?rest_route=%2Fwp%2Fv2%2Fcomments&post=2808"}],"version-history":[{"count":2,"href":"http:\/\/emmanuellesarrouy.com\/index.php?rest_route=\/wp\/v2\/posts\/2808\/revisions"}],"predecessor-version":[{"id":2814,"href":"http:\/\/emmanuellesarrouy.com\/index.php?rest_route=\/wp\/v2\/posts\/2808\/revisions\/2814"}],"wp:attachment":[{"href":"http:\/\/emmanuellesarrouy.com\/index.php?rest_route=%2Fwp%2Fv2%2Fmedia&parent=2808"}],"wp:term":[{"taxonomy":"category","embeddable":true,"href":"http:\/\/emmanuellesarrouy.com\/index.php?rest_route=%2Fwp%2Fv2%2Fcategories&post=2808"},{"taxonomy":"post_tag","embeddable":true,"href":"http:\/\/emmanuellesarrouy.com\/index.php?rest_route=%2Fwp%2Fv2%2Ftags&post=2808"}],"curies":[{"name":"wp","href":"https:\/\/api.w.org\/{rel}","templated":true}]}}