{"id":2819,"date":"2026-04-14T18:44:21","date_gmt":"2026-04-14T18:44:21","guid":{"rendered":"http:\/\/emmanuellesarrouy.com\/?p=2819"},"modified":"2026-04-15T06:34:56","modified_gmt":"2026-04-15T06:34:56","slug":"2819","status":"publish","type":"post","link":"http:\/\/emmanuellesarrouy.com\/?p=2819","title":{"rendered":""},"content":{"rendered":"\n<p><strong>Dimanche 12 avril 2026.<\/strong><\/p>\n\n\n\n<p><em>la m\u00e9t\u00e9o est palpable, que ce soient le froid, la chaleur, l\u2019humidit\u00e9, la pluie ou le brouillard. Je pense que je ne photographie pas tant le paysage que les conditions m\u00e9t\u00e9orologiques qui l\u2019entourent.&nbsp;<\/em><\/p>\n\n\n\n<p>Bernard Plossu, in <em>Bernard Plossu-Photo poche<\/em><\/p>\n\n\n\n<p>Cinq heures. Six heures trente. R\u00eaves tr\u00e8s embrouill\u00e9s et ind\u00e9cis. De f\u00eates de. Sc\u00e8nes ouvertes ? Lectures ? Spectacles. Deux lieux. Du monde. De l\u2019inqui\u00e9tude. La petite trousse \u00e0 couture rouge en forme de rondin. Un caf\u00e9 ? Des bus. Des voitures. Grande ville sans doute. Des ami\u00b7e\u00b7s. Des inconnu\u00b7e\u00b7s. Charlotte. Confusion. Ind\u00e9cision. R\u00eaves embu\u00e9s.<\/p>\n\n\n\n<p>Dans le ciel gris p\u00e2le la travers\u00e9e sonore du go\u00e9land leucoph\u00e9e est accueillie par une chorale de moineaux domestiques. Magie instantan\u00e9e.<\/p>\n\n\n\n<p>La question de l\u2019\u00e9quilibre revient me hanter. Il y a quelques jours je suis tomb\u00e9e (!) sur ce petit film o\u00f9 l\u2019on pouvait observer un chat blanc en presque d\u00e9tresse qui cherchait son \u00e9quilibre sur une branche de cerisier en fleurs. Me suis reconnue. Ai pens\u00e9 que cette image-action correspondait tout \u00e0 fait \u00e0 mon ressenti actuel. (Peur de) perdre l\u2019\u00e9quilibre. (Tenter de) chercher un \u00e9quilibre ad\u00e9quat. Trouver le bon &#8211; existe-il ? &#8211; \u00e9quilibre. Comment ? &amp; puis quelques jours plus tard ce dessin d\u2019Enoki Toshiyuki repr\u00e9sentant un petit singe marchant pr\u00e9cautionneusement sur une branche d\u2019arbre &#8211; lui aussi &#8211; bras \u00e9cart\u00e9s en tentant de conserver son \u00e9quilibre sous la pleine Lune. D\u00e9s\/\u00e9quilibre n\u00e9cessaire pour avancer ? Dans la vie ? Dans le travail ? Dans l\u2019amour ? Dans l\u2019\u00e9criture ?<\/p>\n\n\n\n<p>Est-ce que lorsque nos oreilles sifflent quelqu\u2019un\u00b7e est en train de parler de nous ?&nbsp;<\/p>\n\n\n\n<p>Tomb\u00e9e d\u2019\u00e9pinards sauce pesto rosso en accompagnement du lieu noir &amp; semoule aux \u00e9pices italiennes. Des forces pour la journ\u00e9e. Tenir debout. Malgr\u00e9 les courbatures. Des couleurs malgr\u00e9 la p\u00e2leur des nu\u00e9es. Nous filons chercher Sophie L. Sortie de m\u00e9tro la Fourrag\u00e8re. Aux portes de la nature. Presque. Medjina et JP nous conduisent jusque chez Isabelle A. Retrouvailles en amiti\u00e9s &amp; bapt\u00eame de l\u2019abricotier du Printemps Marseillais. S\u2019appellera d\u00e9sormais <em>Mish-Mish<\/em> qui en arabe familier signifie abricot &#8211; le nom <em>al-barquouq <\/em>qui vient du grec ancien <em>praecoquum<\/em> signifie <em>le pr\u00e9coce<\/em>. Merci Wahiba &amp; wikipedia. <em>Yallah<\/em> !&nbsp;<\/p>\n\n\n\n<p><em>Fruit de la chance<\/em> en Chine ou <em>pomme d\u2019Arm\u00e9nie<\/em> l\u2019abricot &amp; ses origines m\u00e9tiss\u00e9es nous invitent au voyage oriental du Turkestan \u00e0 la Chine du Sud en passant par le Tibet &amp; l\u2019Inde jusqu\u2019\u00e0 l\u2019autre berceau Arm\u00e9nie.<\/p>\n\n\n\n<p><em>L\u00e0, chaque arbre fruitier \u00e9tait repr\u00e9sent\u00e9 par ses deux meilleures essences ; il y avait des abricotiers avec des fruits \u00e0 amande douce et des fruits \u00e0 amande am\u00e8re ; il y avait m\u00eame des abricotiers du Khorassan.<\/em><\/p>\n\n\n\n<p>Contes des Mille et Une Nuits<\/p>\n\n\n\n<p>Champagne &amp; infusions. Table de mets \u00e0 profusion. Premi\u00e8res fraises de l\u2019ann\u00e9e. Petit bonheur sucr\u00e9. Retour du Nous. Pens\u00e9es vers Catherine Pinoteau &#8211; se souvenir est important. Michel et Sabine f\u00eatent leurs 40 ans de mariage. Parlons discutons lisons chantons. Rions. Nous aide \u00e0 tenir. Nous rassemble. Nous \u00e9l\u00e8ve. Isabelle est heureuse. J\u2019aime la voir sourire ainsi. M\u00eame si. Douleur profonde. M\u00eame si absences ind\u00e9l\u00e9biles. Nous. Sommes ensemble &amp;. C\u2019est joyeux. Musical. Le soleil m\u00eame. Tente une perc\u00e9e.&nbsp;<\/p>\n\n\n\n<p>Un cheveux perdu dans un morceau de g\u00e2teau. Vite recracher. Vite m\u2019en d\u00e9barrasser. D\u00e9go\u00fbt puissant. Jusqu\u2019au plus profond de l\u2019\u00eatre. Tromperie. Sensation d\u00e9sagr\u00e9able reste longtemps. Comment. Passer\/penser \u00e0. Autre chose. Vite vite. Les autres tout autour. Retrouver C\u00e9cile S. Petite surprise du jour. Se raconter.<\/p>\n\n\n\n<p>Journaux entrecrois\u00e9s au hasard de nos discussions. Marie-Philippe &amp; moi. Un film partag\u00e9 ici. &amp; puis. Nos d\u00e9marches. Pratiques quotidiennes. Ce que l\u2019on r\u00e9v\u00e8le. Nos mani\u00e8res de faire lire \u00e0 l\u2019autre. De publier sur les r\u00e9seaux. Ce que l\u2019on \u00e9crit de nos vies. Ce qui se perd en route (forc\u00e9ment et c\u2019est tant mieux). Laure a cette impressionnante capacit\u00e9 de r\u00e9action rebondissante aux textes &amp; chants qui nous (lui) sont propos\u00e9s. Ici m\u00eame &amp; ailleurs aussi. Je lui dis. Anne est majestueuse\/rayonnante dans son grand manteau blanc. Un cygne.&nbsp;<\/p>\n\n\n\n<p>Certaines pr\u00e9sences pr\u00e9gnantes me coupent la parole. Depuis longtemps c\u2019est. Comme \u00e7a. Dans ces moments je. M\u2019efface. Dispara\u00eet. N\u2019ai pas lu. Ne me suis pas sentie de lire. Une autre fois peut-\u00eatre. Sans doute. <em>La Chute d\u2019une fleur <\/em>aurait \u00e9t\u00e9 trop triste. <em>Secr\u00e8tement soit-dit en passant<\/em> aurait trouv\u00e9 une place. Sa place mais. J\u2019ai besoin de temps. Nous avons chant\u00e9 ce chant qu\u2019Isabelle affectionne tout particuli\u00e8rement &amp; que nous avions chant\u00e9 un soir ensemble en Savoie. <em>Debout les femmes<\/em> !&nbsp;<\/p>\n\n\n\n<p>C\u00e9cile qui est venue avec la petite voiture de sa maman &amp; sa pulsion de vie a la gentillesse &amp; toute la g\u00e9n\u00e9rosit\u00e9 qui la caract\u00e9rise de nous raccompagner en ville Sophie L. &amp; moi. Heureuses retrouvailles. Cette id\u00e9e du Nous n\u2019est pas vaine. Me rassure (sur ces questionnements r\u00e9guliers \u00e0 propos de cette notion d\u2019aventures collectives). Au retour. Grande fatigue. Je n\u2019ai pas vu passer le week-end. J\u2019ai tr\u00e8s sommeil. J\u2019arrive \u00e0 suivre joli petit documentaire sur Shirley MacLaine. Elle <em>est <\/em>de toute sa pr\u00e9sence. Lumineuse. Le repas de restes nous suffira. Petite soupe de l\u00e9gumes maison parfum\u00e9e aux champignons noirs. Regarder un peu en dilettante <em>Allied<\/em> de Robert Zemekis. Sorti en 2016. Dix ans d\u00e9j\u00e0. Pas vu pourtant. Romance d\u2019espionnage sur fond de seconde guerre mondiale. Avec Marion Cotillard &amp; Brad Pitt. Casablanca 1942. &amp; puis. &amp; puis Londres. &amp; puis Dieppe &#8211; la ville de mon enfance. &amp; puis la guerre. Toujours la guerre. Petit film du dimanche soir pour. La route. Quelle route ? Route vers sommeil profond &amp; je l\u2019esp\u00e8re r\u00e9parateur.&nbsp;<\/p>\n\n\n\n<p>E.S.<\/p>\n\n\n\n<p>Journal po\u00e9tique 2026 (extrait)<\/p>\n\n\n\n<p><img decoding=\"async\" loading=\"lazy\" height=\"16\" width=\"16\" alt=\"&#x1f9a9;\" src=\"https:\/\/static.xx.fbcdn.net\/images\/emoji.php\/v9\/t28\/2\/16\/1f9a9.png\"> Et si vous souhaitez prendre un peu de temps vous rem\u00e9morer vos propores aventures sur 2022 et\/ou sur 2023, on peut poursuivre la lecture en commandant sur le site de Les amis de Jacques Flament Editions :<\/p>\n\n\n\n<p><img decoding=\"async\" loading=\"lazy\" height=\"16\" width=\"16\" alt=\"&#x1f449;&#x1f3fe;\" src=\"https:\/\/static.xx.fbcdn.net\/images\/emoji.php\/v9\/tee\/2\/16\/1f449_1f3fe.png\"> 2022 : <a href=\"https:\/\/www.jacquesflamenteditions.com\/546-ciel-etoile...\/?fbclid=IwZXh0bgNhZW0CMTAAYnJpZBEwVUtMSzlFODNZd2NuQnVycXNydGMGYXBwX2lkEDIyMjAzOTE3ODgyMDA4OTIAAR62GmdhdgDo_VgGnnMo3uHaOWyNSVrB-yshfkqEYni4oqOONvPZ7TuQvw5JDA_aem_kulAYLabBTFn_v4EgKauVw\" rel=\"noreferrer noopener\" target=\"_blank\">https:\/\/www.jacquesflamenteditions.com\/546-ciel-etoile&#8230;\/<\/a><\/p>\n\n\n\n<p><img decoding=\"async\" loading=\"lazy\" height=\"16\" width=\"16\" alt=\"&#x1f449;&#x1f3fe;\" src=\"https:\/\/static.xx.fbcdn.net\/images\/emoji.php\/v9\/tee\/2\/16\/1f449_1f3fe.png\"> 2023 : <a href=\"https:\/\/www.jacquesflamenteditions.com\/582-chant-des...\/?fbclid=IwZXh0bgNhZW0CMTAAYnJpZBEwVUtMSzlFODNZd2NuQnVycXNydGMGYXBwX2lkEDIyMjAzOTE3ODgyMDA4OTIAAR51lQqvTTRb8EFGCDPCaHby_3ZggcnWr89gUPGyJiyI7usUL-9BjU3F-F5R1A_aem_zCtOrk0gz88ypVjiRfG7Ow\" rel=\"noreferrer noopener\" target=\"_blank\">https:\/\/www.jacquesflamenteditions.com\/582-chant-des&#8230;\/<\/a><\/p>\n\n\n\n<figure class=\"wp-block-image size-full is-resized\"><img decoding=\"async\" src=\"http:\/\/emmanuellesarrouy.com\/wp-content\/uploads\/2026\/04\/Im_Dimanche-12-avril-2026-scaled.jpg\" alt=\"\" class=\"wp-image-2820\" width=\"450\" srcset=\"http:\/\/emmanuellesarrouy.com\/wp-content\/uploads\/2026\/04\/Im_Dimanche-12-avril-2026-scaled.jpg 1440w, http:\/\/emmanuellesarrouy.com\/wp-content\/uploads\/2026\/04\/Im_Dimanche-12-avril-2026-169x300.jpg 169w, http:\/\/emmanuellesarrouy.com\/wp-content\/uploads\/2026\/04\/Im_Dimanche-12-avril-2026-576x1024.jpg 576w, http:\/\/emmanuellesarrouy.com\/wp-content\/uploads\/2026\/04\/Im_Dimanche-12-avril-2026-768x1365.jpg 768w, http:\/\/emmanuellesarrouy.com\/wp-content\/uploads\/2026\/04\/Im_Dimanche-12-avril-2026-864x1536.jpg 864w, http:\/\/emmanuellesarrouy.com\/wp-content\/uploads\/2026\/04\/Im_Dimanche-12-avril-2026-1152x2048.jpg 1152w\" sizes=\"(max-width: 767px) 89vw, (max-width: 1000px) 54vw, (max-width: 1071px) 543px, 580px\" \/><figcaption class=\"wp-element-caption\"><em>Dimanche 12 avril 2026 \u00a9 emmanuelle sarrouy <\/em><\/figcaption><\/figure>\n","protected":false},"excerpt":{"rendered":"<p>Dimanche 12 avril 2026. la m\u00e9t\u00e9o est palpable, que ce soient le froid, la chaleur, l\u2019humidit\u00e9, la pluie ou le brouillard. Je pense que je ne photographie pas tant le paysage que les conditions m\u00e9t\u00e9orologiques qui l\u2019entourent.&nbsp; Bernard Plossu, in Bernard Plossu-Photo poche Cinq heures. Six heures trente. R\u00eaves tr\u00e8s embrouill\u00e9s et ind\u00e9cis. De f\u00eates &hellip; <\/p>\n<p class=\"link-more\"><a href=\"http:\/\/emmanuellesarrouy.com\/?p=2819\" class=\"more-link\">Continuer la lecture<span class=\"screen-reader-text\"> de &laquo;&nbsp;&nbsp;&raquo;<\/span><\/a><\/p>\n","protected":false},"author":1,"featured_media":0,"comment_status":"open","ping_status":"open","sticky":false,"template":"","format":"standard","meta":[],"categories":[17,75],"tags":[32,60,24,22,31],"_links":{"self":[{"href":"http:\/\/emmanuellesarrouy.com\/index.php?rest_route=\/wp\/v2\/posts\/2819"}],"collection":[{"href":"http:\/\/emmanuellesarrouy.com\/index.php?rest_route=\/wp\/v2\/posts"}],"about":[{"href":"http:\/\/emmanuellesarrouy.com\/index.php?rest_route=\/wp\/v2\/types\/post"}],"author":[{"embeddable":true,"href":"http:\/\/emmanuellesarrouy.com\/index.php?rest_route=\/wp\/v2\/users\/1"}],"replies":[{"embeddable":true,"href":"http:\/\/emmanuellesarrouy.com\/index.php?rest_route=%2Fwp%2Fv2%2Fcomments&post=2819"}],"version-history":[{"count":4,"href":"http:\/\/emmanuellesarrouy.com\/index.php?rest_route=\/wp\/v2\/posts\/2819\/revisions"}],"predecessor-version":[{"id":2825,"href":"http:\/\/emmanuellesarrouy.com\/index.php?rest_route=\/wp\/v2\/posts\/2819\/revisions\/2825"}],"wp:attachment":[{"href":"http:\/\/emmanuellesarrouy.com\/index.php?rest_route=%2Fwp%2Fv2%2Fmedia&parent=2819"}],"wp:term":[{"taxonomy":"category","embeddable":true,"href":"http:\/\/emmanuellesarrouy.com\/index.php?rest_route=%2Fwp%2Fv2%2Fcategories&post=2819"},{"taxonomy":"post_tag","embeddable":true,"href":"http:\/\/emmanuellesarrouy.com\/index.php?rest_route=%2Fwp%2Fv2%2Ftags&post=2819"}],"curies":[{"name":"wp","href":"https:\/\/api.w.org\/{rel}","templated":true}]}}