{"id":2830,"date":"2026-04-24T16:21:45","date_gmt":"2026-04-24T16:21:45","guid":{"rendered":"http:\/\/emmanuellesarrouy.com\/?p=2830"},"modified":"2026-04-24T16:22:58","modified_gmt":"2026-04-24T16:22:58","slug":"2830","status":"publish","type":"post","link":"http:\/\/emmanuellesarrouy.com\/?p=2830","title":{"rendered":""},"content":{"rendered":"\n<p><strong>Dimanche 19 avril 2026.<\/strong><\/p>\n\n\n\n<p>Six heures. Tout doucement le jour. Moi aussi. Tigrou Neko me rappelle \u00e0 l\u2019ordre. Six heures quarante bleu ciel parsem\u00e9 de tra\u00een\u00e9es rose p\u00e2le. Premi\u00e8re gorg\u00e9e de lumi\u00e8re. Le jour s\u2019installe. Les avions tracent des centaines de lignes droites qui peu \u00e0 peu se distordent. Je relis la st\u00e8le virtuelle publi\u00e9e par Didier da Silva en m\u00e9moire de Cyril Maero &#8211; le Cyril Lyrics de <em>Mim\u00e8sis &amp; Eidolon<\/em>. C\u2019est tr\u00e8s beau. Tr\u00e8s. \u00c9mouvant.&nbsp;<\/p>\n\n\n\n<p>F\u00eater Marguerite Duras.&nbsp;<\/p>\n\n\n\n<p><em>sous l\u2019arbre de Jud\u00e9e en fleurs<\/em><\/p>\n\n\n\n<p><em>un verre d\u2019alcool \u2014<\/em><\/p>\n\n\n\n<p><em>et Marguerite Duras<\/em><\/p>\n\n\n\n<p>Plus de lendemains qui chantent donc mais. Le bruissement ininterrompu des oiseaux printaniers.&nbsp; Au beau milieu de nulle part. Gorge serr\u00e9e. Larmes emprisonn\u00e9es.&nbsp;<\/p>\n\n\n\n<p>Angoisse. Je m\u2019aper\u00e7ois soudain que ma paupi\u00e8re inf\u00e9rieure droite est enfl\u00e9e. Est-ce une cons\u00e9quence de ma visite chez le dermatologue jeudi apr\u00e8s-midi ? Je file \u00e0 la pharmacie <em>Decaroli<\/em>. La pharmacienne me rassure. H\u00e9matome \u00e0 priori. Masque froid &amp; Arnica montana en granules toutes les deux heures pendant quarante-huit heures. Je prends aussi de l\u2019Ignacia Amara pour faire tomber le stress.<\/p>\n\n\n\n<p>Lire malgr\u00e9 l\u2019angoisse. La fatigue. Lire, lire, lire.&nbsp;<\/p>\n\n\n\n<p><em>La patience d\u2019\u00eatre, cet art subtil, oubli\u00e9, non colonis\u00e9 de soi o\u00f9 s\u2019enchev\u00eatrent l\u2019\u00e9motion et la pens\u00e9e. Mais une patience qui ne serait ni au service de l\u2019attente, ni \u00e0 celui du renoncement. Et dans l\u2019intensit\u00e9 de ce qui se vit. Une gr\u00e2ce.&nbsp;<\/em><\/p>\n\n\n\n<p>Antonella Fiori, <em>Birds Ce sont les oiseaux<\/em><\/p>\n\n\n\n<p>Regarde(r) le vol plan\u00e9 des mouettes lointaines.&nbsp;<\/p>\n\n\n\n<p>Un tr\u00e8s joli documentaire sur Pierre Richard. La maladresse &amp; la distraction \u00e9lev\u00e9es \u00e0 l\u2019\u00e9tat de gr\u00e2ce. Keaton Chaplin Les Marx Brothers Harold Lloyd &amp; Jerry Lewis pour mentors. \u00c9videmment. Tellement. Comique de gestes &amp; de r\u00e9p\u00e9tition. De concert avec un certain art de l\u2019engagement. Apr\u00e8s le saumon au risotto gourmand. Nous regardons ce soir <em>Une ann\u00e9e difficile <\/em>d\u2019\u00c9ric Toledano &amp; Olivier Nakache avec notamment Pio Marma\u00ef Jonathan Cohen No\u00e9mie Merlant Mathieu Amalric &amp; Gr\u00e9goire Leprince-Ringuet. Jolie petite brochette.&nbsp;<\/p>\n\n\n\n<p>E.S.<\/p>\n\n\n\n<p>Journal po\u00e9tique 2026 (extrait)<\/p>\n\n\n\n<p><img decoding=\"async\" loading=\"lazy\" height=\"16\" width=\"16\" alt=\"&#x1f9a9;\" src=\"https:\/\/static.xx.fbcdn.net\/images\/emoji.php\/v9\/t28\/2\/16\/1f9a9.png\"> Et pour surfer sur 2022 et\/ou sur 2023, il suffit de passer commande sur le site de Les amis de Jacques Flament Editions <img decoding=\"async\" loading=\"lazy\" height=\"16\" width=\"16\" alt=\"&#x1f64f;&#x1f3fe;\" src=\"https:\/\/static.xx.fbcdn.net\/images\/emoji.php\/v9\/tdd\/2\/16\/1f64f_1f3fe.png\"> :<\/p>\n\n\n\n<p><img decoding=\"async\" loading=\"lazy\" height=\"16\" width=\"16\" alt=\"&#x1f449;&#x1f3fe;\" src=\"https:\/\/static.xx.fbcdn.net\/images\/emoji.php\/v9\/tee\/2\/16\/1f449_1f3fe.png\"> 2022 : <a href=\"https:\/\/www.jacquesflamenteditions.com\/546-ciel-etoile...\/?fbclid=IwZXh0bgNhZW0CMTAAYnJpZBEwVUtMSzlFODNZd2NuQnVycXNydGMGYXBwX2lkEDIyMjAzOTE3ODgyMDA4OTIAAR4KfHfoxD9aZD5A7O9vAA-f5QxM0d1ZmEQaQ6IhdMlKUpYLLkmJ0HAne6UArw_aem_A0QEaPkslPqroz70bgl4Yw\" rel=\"noreferrer noopener\" target=\"_blank\">https:\/\/www.jacquesflamenteditions.com\/546-ciel-etoile&#8230;\/<\/a><\/p>\n\n\n\n<p><img decoding=\"async\" loading=\"lazy\" height=\"16\" width=\"16\" alt=\"&#x1f449;&#x1f3fe;\" src=\"https:\/\/static.xx.fbcdn.net\/images\/emoji.php\/v9\/tee\/2\/16\/1f449_1f3fe.png\"> 2023 : <a href=\"https:\/\/www.jacquesflamenteditions.com\/582-chant-des...\/?fbclid=IwZXh0bgNhZW0CMTAAYnJpZBEwVUtMSzlFODNZd2NuQnVycXNydGMGYXBwX2lkEDIyMjAzOTE3ODgyMDA4OTIAAR7Yr_UHN5Hv3NPiWg_Zx9LM7qlho_rQqplLmTbe_TuLi9LOEXvzI9d3Pbrwtg_aem_YdRniKU5hgrNlzMojWBRbA\" rel=\"noreferrer noopener\" target=\"_blank\">https:\/\/www.jacquesflamenteditions.com\/582-chant-des&#8230;\/<\/a><\/p>\n\n\n\n<figure class=\"wp-block-image size-full is-resized\"><img decoding=\"async\" src=\"http:\/\/emmanuellesarrouy.com\/wp-content\/uploads\/2026\/04\/Im_Dimanche-19-avril-2026-scaled.jpg\" alt=\"\" class=\"wp-image-2831\" width=\"450\" srcset=\"http:\/\/emmanuellesarrouy.com\/wp-content\/uploads\/2026\/04\/Im_Dimanche-19-avril-2026-scaled.jpg 1440w, http:\/\/emmanuellesarrouy.com\/wp-content\/uploads\/2026\/04\/Im_Dimanche-19-avril-2026-169x300.jpg 169w, http:\/\/emmanuellesarrouy.com\/wp-content\/uploads\/2026\/04\/Im_Dimanche-19-avril-2026-576x1024.jpg 576w, http:\/\/emmanuellesarrouy.com\/wp-content\/uploads\/2026\/04\/Im_Dimanche-19-avril-2026-768x1365.jpg 768w, http:\/\/emmanuellesarrouy.com\/wp-content\/uploads\/2026\/04\/Im_Dimanche-19-avril-2026-864x1536.jpg 864w, http:\/\/emmanuellesarrouy.com\/wp-content\/uploads\/2026\/04\/Im_Dimanche-19-avril-2026-1152x2048.jpg 1152w\" sizes=\"(max-width: 767px) 89vw, (max-width: 1000px) 54vw, (max-width: 1071px) 543px, 580px\" \/><figcaption class=\"wp-element-caption\"><em>Dimanche 19 avril 2026 \u00a9 emmanuelle sarrouy <\/em><\/figcaption><\/figure>\n","protected":false},"excerpt":{"rendered":"<p>Dimanche 19 avril 2026. Six heures. Tout doucement le jour. Moi aussi. Tigrou Neko me rappelle \u00e0 l\u2019ordre. Six heures quarante bleu ciel parsem\u00e9 de tra\u00een\u00e9es rose p\u00e2le. Premi\u00e8re gorg\u00e9e de lumi\u00e8re. Le jour s\u2019installe. Les avions tracent des centaines de lignes droites qui peu \u00e0 peu se distordent. Je relis la st\u00e8le virtuelle publi\u00e9e &hellip; <\/p>\n<p class=\"link-more\"><a href=\"http:\/\/emmanuellesarrouy.com\/?p=2830\" class=\"more-link\">Continuer la lecture<span class=\"screen-reader-text\"> de &laquo;&nbsp;&nbsp;&raquo;<\/span><\/a><\/p>\n","protected":false},"author":1,"featured_media":0,"comment_status":"open","ping_status":"open","sticky":false,"template":"","format":"standard","meta":[],"categories":[17,75],"tags":[32,60,24,22,31],"_links":{"self":[{"href":"http:\/\/emmanuellesarrouy.com\/index.php?rest_route=\/wp\/v2\/posts\/2830"}],"collection":[{"href":"http:\/\/emmanuellesarrouy.com\/index.php?rest_route=\/wp\/v2\/posts"}],"about":[{"href":"http:\/\/emmanuellesarrouy.com\/index.php?rest_route=\/wp\/v2\/types\/post"}],"author":[{"embeddable":true,"href":"http:\/\/emmanuellesarrouy.com\/index.php?rest_route=\/wp\/v2\/users\/1"}],"replies":[{"embeddable":true,"href":"http:\/\/emmanuellesarrouy.com\/index.php?rest_route=%2Fwp%2Fv2%2Fcomments&post=2830"}],"version-history":[{"count":2,"href":"http:\/\/emmanuellesarrouy.com\/index.php?rest_route=\/wp\/v2\/posts\/2830\/revisions"}],"predecessor-version":[{"id":2833,"href":"http:\/\/emmanuellesarrouy.com\/index.php?rest_route=\/wp\/v2\/posts\/2830\/revisions\/2833"}],"wp:attachment":[{"href":"http:\/\/emmanuellesarrouy.com\/index.php?rest_route=%2Fwp%2Fv2%2Fmedia&parent=2830"}],"wp:term":[{"taxonomy":"category","embeddable":true,"href":"http:\/\/emmanuellesarrouy.com\/index.php?rest_route=%2Fwp%2Fv2%2Fcategories&post=2830"},{"taxonomy":"post_tag","embeddable":true,"href":"http:\/\/emmanuellesarrouy.com\/index.php?rest_route=%2Fwp%2Fv2%2Ftags&post=2830"}],"curies":[{"name":"wp","href":"https:\/\/api.w.org\/{rel}","templated":true}]}}