{"id":2834,"date":"2026-04-26T13:24:04","date_gmt":"2026-04-26T13:24:04","guid":{"rendered":"http:\/\/emmanuellesarrouy.com\/?p=2834"},"modified":"2026-04-26T13:25:33","modified_gmt":"2026-04-26T13:25:33","slug":"2834","status":"publish","type":"post","link":"http:\/\/emmanuellesarrouy.com\/?p=2834","title":{"rendered":""},"content":{"rendered":"\n<p><strong>Samedi 25 avril 2026.&nbsp;<\/strong><\/p>\n\n\n\n<p>Six heures six. Huit heures huit. R\u00e9\u00e9couter <em>L\u2019Instant Po\u00e9sie<\/em> pr\u00e9sent\u00e9 par Dany Laferri\u00e8re. <em>Le temps des vivants <\/em>de Gilbert Langevin, <em>chant pour un Qu\u00e9bec libre<\/em>. &amp; <em>Je ne viendrai pas <\/em>de Ren\u00e9 Depestre, <em>d\u2019amour et de r\u00e9volte<\/em>.<\/p>\n\n\n\n<p><em>de p\u00e9piement en p\u00e9piement<\/em><\/p>\n\n\n\n<p><em>j\u2019apprends patiemment<\/em><\/p>\n\n\n\n<p><em>le langage du printemps&nbsp;<\/em><\/p>\n\n\n\n<p>25 avril 2010. Apparentement comme. Secondes naissances \u00e0 l\u2019autre. Apr\u00e8s avoir rencontr\u00e9 Nashka &amp; Yves-Nelson en avril 2009 (disparus le 12 janvier 2010) nous rencontrons Medjina &amp; Jo\u00eblsonne sur photos d\u2019identit\u00e9. Mat\u00e9rialisation d\u2019une existence encore un peu lointaine &amp; pourtant bien r\u00e9elle. Second apparentement apr\u00e8s la tourmente. Tremblements &amp; disparitions. Nouvelles naissances. Entre eux &amp; nous. Enjeux d\u2019enfance. Apparitions. D\u2019Ha\u00efti nos enfants naissent &amp; renaissent &amp; nous &nbsp; nous chantons &amp; dansons leur infinie puissance de vie. Dans la tendresse des premi\u00e8res fois &amp; des premiers regards m\u00eame &nbsp; m\u00eame \u00e0 des kilom\u00e8tres. D\u2019amour toujours.&nbsp;<\/p>\n\n\n\n<p>Il y a celleux qui voyagent pour \u00e9crire &amp; il y a celleux qui \u00e9crivent pour s\u2019\u00e9vader. Il y a aussi cependant un peu des deux en m\u00eame temps. Je crois.<\/p>\n\n\n\n<p>Soir\u00e9e. Paupiettes de veau carottes r\u00f4ties sauce au bleu. Guerre civile anglaise r\u00e9bellion d\u00e9capitation de Charles 1er difficult\u00e9s \u00e0 instaurer une r\u00e9publique retour de la royaut\u00e9 &amp; m\u00e9s\/aventures d\u2019Elisabeth &amp; Marie <em>la reine sanglante<\/em> Tudor.\u00a0<\/p>\n\n\n\n<p>E.S.<\/p>\n\n\n\n<p>Journal po\u00e9tique 2026 (extrait)<\/p>\n\n\n\n<p><img decoding=\"async\" loading=\"lazy\" height=\"16\" width=\"16\" src=\"https:\/\/static.xx.fbcdn.net\/images\/emoji.php\/v9\/t28\/2\/16\/1f9a9.png\" alt=\"&#x1f9a9;\"> Et pour lire 2022 et\/ou 2023, il suffit de passer commande sur le site de Les amis de Jacques Flament Editions <img decoding=\"async\" loading=\"lazy\" height=\"16\" width=\"16\" src=\"https:\/\/static.xx.fbcdn.net\/images\/emoji.php\/v9\/tdd\/2\/16\/1f64f_1f3fe.png\" alt=\"&#x1f64f;&#x1f3fe;\"> :<\/p>\n\n\n\n<p><img decoding=\"async\" loading=\"lazy\" height=\"16\" width=\"16\" alt=\"&#x1f449;&#x1f3fe;\" src=\"https:\/\/static.xx.fbcdn.net\/images\/emoji.php\/v9\/tee\/2\/16\/1f449_1f3fe.png\"> 2022 : <a href=\"https:\/\/www.jacquesflamenteditions.com\/546-ciel-etoile...\/?fbclid=IwZXh0bgNhZW0CMTAAYnJpZBEwVUtMSzlFODNZd2NuQnVycXNydGMGYXBwX2lkEDIyMjAzOTE3ODgyMDA4OTIAAR69cjZI9lVYWJbBRoNnW371hLQA8SBsqg2_UGmBa7JtR4sJ0KX2H_xrJGI4dA_aem_eEUZooedubXtAGbrQmDH5Q\" rel=\"noreferrer noopener\" target=\"_blank\">https:\/\/www.jacquesflamenteditions.com\/546-ciel-etoile&#8230;\/<\/a><\/p>\n\n\n\n<p><img decoding=\"async\" loading=\"lazy\" height=\"16\" width=\"16\" alt=\"&#x1f449;&#x1f3fe;\" src=\"https:\/\/static.xx.fbcdn.net\/images\/emoji.php\/v9\/tee\/2\/16\/1f449_1f3fe.png\"> 2023 : <a href=\"https:\/\/www.jacquesflamenteditions.com\/582-chant-des...\/?fbclid=IwZXh0bgNhZW0CMTAAYnJpZBEwVUtMSzlFODNZd2NuQnVycXNydGMGYXBwX2lkEDIyMjAzOTE3ODgyMDA4OTIAAR43xWDkZXg3EXSgHbh8PRvk1fwq2O6WhvfGS0jfHoWVEdi0VwsJlnlrYGjBEA_aem_o984bWiK4MnsuPf12CyG-w\" rel=\"noreferrer noopener\" target=\"_blank\">https:\/\/www.jacquesflamenteditions.com\/582-chant-des&#8230;\/<\/a><\/p>\n\n\n\n<figure class=\"wp-block-image size-large\"><img decoding=\"async\" loading=\"lazy\" width=\"576\" height=\"1024\" src=\"http:\/\/emmanuellesarrouy.com\/wp-content\/uploads\/2026\/04\/Im_Samedi-25-avril-2026-576x1024.jpg\" alt=\"\" class=\"wp-image-2835\" srcset=\"http:\/\/emmanuellesarrouy.com\/wp-content\/uploads\/2026\/04\/Im_Samedi-25-avril-2026-576x1024.jpg 576w, http:\/\/emmanuellesarrouy.com\/wp-content\/uploads\/2026\/04\/Im_Samedi-25-avril-2026-169x300.jpg 169w, http:\/\/emmanuellesarrouy.com\/wp-content\/uploads\/2026\/04\/Im_Samedi-25-avril-2026-768x1365.jpg 768w, http:\/\/emmanuellesarrouy.com\/wp-content\/uploads\/2026\/04\/Im_Samedi-25-avril-2026-864x1536.jpg 864w, http:\/\/emmanuellesarrouy.com\/wp-content\/uploads\/2026\/04\/Im_Samedi-25-avril-2026-1152x2048.jpg 1152w, http:\/\/emmanuellesarrouy.com\/wp-content\/uploads\/2026\/04\/Im_Samedi-25-avril-2026-scaled.jpg 1440w\" sizes=\"(max-width: 576px) 100vw, 576px\" \/><figcaption class=\"wp-element-caption\"><em>Samedi 25 avril 2026 \u00a9 emmanuelle sarrouy <\/em><\/figcaption><\/figure>\n\n\n\n<p><\/p>\n","protected":false},"excerpt":{"rendered":"<p>Samedi 25 avril 2026.&nbsp; Six heures six. Huit heures huit. R\u00e9\u00e9couter L\u2019Instant Po\u00e9sie pr\u00e9sent\u00e9 par Dany Laferri\u00e8re. Le temps des vivants de Gilbert Langevin, chant pour un Qu\u00e9bec libre. &amp; Je ne viendrai pas de Ren\u00e9 Depestre, d\u2019amour et de r\u00e9volte. de p\u00e9piement en p\u00e9piement j\u2019apprends patiemment le langage du printemps&nbsp; 25 avril 2010. Apparentement &hellip; <\/p>\n<p class=\"link-more\"><a href=\"http:\/\/emmanuellesarrouy.com\/?p=2834\" class=\"more-link\">Continuer la lecture<span class=\"screen-reader-text\"> de &laquo;&nbsp;&nbsp;&raquo;<\/span><\/a><\/p>\n","protected":false},"author":1,"featured_media":0,"comment_status":"open","ping_status":"open","sticky":false,"template":"","format":"standard","meta":[],"categories":[17,75],"tags":[32,60,24,22,31],"_links":{"self":[{"href":"http:\/\/emmanuellesarrouy.com\/index.php?rest_route=\/wp\/v2\/posts\/2834"}],"collection":[{"href":"http:\/\/emmanuellesarrouy.com\/index.php?rest_route=\/wp\/v2\/posts"}],"about":[{"href":"http:\/\/emmanuellesarrouy.com\/index.php?rest_route=\/wp\/v2\/types\/post"}],"author":[{"embeddable":true,"href":"http:\/\/emmanuellesarrouy.com\/index.php?rest_route=\/wp\/v2\/users\/1"}],"replies":[{"embeddable":true,"href":"http:\/\/emmanuellesarrouy.com\/index.php?rest_route=%2Fwp%2Fv2%2Fcomments&post=2834"}],"version-history":[{"count":3,"href":"http:\/\/emmanuellesarrouy.com\/index.php?rest_route=\/wp\/v2\/posts\/2834\/revisions"}],"predecessor-version":[{"id":2838,"href":"http:\/\/emmanuellesarrouy.com\/index.php?rest_route=\/wp\/v2\/posts\/2834\/revisions\/2838"}],"wp:attachment":[{"href":"http:\/\/emmanuellesarrouy.com\/index.php?rest_route=%2Fwp%2Fv2%2Fmedia&parent=2834"}],"wp:term":[{"taxonomy":"category","embeddable":true,"href":"http:\/\/emmanuellesarrouy.com\/index.php?rest_route=%2Fwp%2Fv2%2Fcategories&post=2834"},{"taxonomy":"post_tag","embeddable":true,"href":"http:\/\/emmanuellesarrouy.com\/index.php?rest_route=%2Fwp%2Fv2%2Ftags&post=2834"}],"curies":[{"name":"wp","href":"https:\/\/api.w.org\/{rel}","templated":true}]}}